{"id":31627,"date":"2026-09-01T18:00:37","date_gmt":"2026-09-01T18:00:37","guid":{"rendered":"https:\/\/www.may.app\/?p=31627"},"modified":"2026-09-01T18:00:41","modified_gmt":"2026-09-01T18:00:41","slug":"cordon-umbilical-cuello","status":"publish","type":"post","link":"https:\/\/www.may.app\/es\/blog\/parto\/cordon-umbilical-cuello\/","title":{"rendered":"Cord\u00f3n umbilical alrededor del cuello: \u00bfhay que preocuparse?"},"content":{"rendered":"\r\n<p class=\"wp-block-paragraph\"><span style=\"font-weight: 400;\">Durante el embarazo, los distintos ex\u00e1menes realizados permiten identificar r\u00e1pidamente ciertos problemas potenciales. Durante una ecograf\u00eda, el profesional puede notar que el cord\u00f3n umbilical est\u00e1 enrollado alrededor del cuello del beb\u00e9. No entre en p\u00e1nico si esto le ocurre: este fen\u00f3meno es frecuente y, en la mayor\u00eda de los casos, no es grave. Pero, \u00bfqu\u00e9 sucede realmente cuando el cord\u00f3n umbilical se enrolla alrededor del cuello de su feto en el \u00fatero?<\/span><\/p>\r\n<p><span style=\"font-weight: 400;\"><strong>Cord\u00f3n umbilical alrededor del cuello:<\/strong> hagamos un repaso. <\/span><\/p>\r\n<h2><span style=\"font-weight: 400;\">Cord\u00f3n umbilical alrededor del cuello: \u00bfde qu\u00e9 se trata? <\/span><\/h2>\r\n<p><span style=\"font-weight: 400;\">Es posible que, en el \u00fatero, el cord\u00f3n umbilical de su beb\u00e9 se enrolle alrededor de su cuello. <strong>Este fen\u00f3meno ocurre de forma natural durante el embarazo<\/strong>, cuando el futuro beb\u00e9 se mueve en la cavidad uterina llena de l\u00edquido amni\u00f3tico. <\/span> <span style=\"font-weight: 400;\">El cord\u00f3n, que conecta la placenta con el abdomen del feto, es flexible y generalmente mide <strong>entre 50 y 60 cm al t\u00e9rmino<\/strong>. <\/span><\/p>\r\n<p><span style=\"font-weight: 400;\">Contiene tres vasos sangu\u00edneos esenciales: dos arterias umbilicales y una vena umbilical, <strong>que aseguran el intercambio de nutrientes<\/strong>, ox\u00edgeno y desechos entre su beb\u00e9 y usted a trav\u00e9s de la circulaci\u00f3n placentaria.<\/span> <span style=\"font-weight: 400;\">El hecho de que el cord\u00f3n umbilical se enrolle alrededor del cuello de su beb\u00e9 suele ocurrir cuando este se mueve, especialmente en los \u00faltimos meses de gestaci\u00f3n, cuando el l\u00edquido amni\u00f3tico a\u00fan es abundante y el beb\u00e9 tiene suficiente espacio para moverse. <\/span><\/p>\r\n<p><span style=\"font-weight: 400;\"><strong>El cord\u00f3n tambi\u00e9n puede enrollarse alrededor de otras partes de su cuerpo, como los brazos, las piernas o el tronco.<\/strong><\/span> <span style=\"font-weight: 400;\">Este fen\u00f3meno a veces se detecta durante una ecograf\u00eda, pero no tiene consecuencias y no es algo que se busque espec\u00edficamente en este examen. <\/span><\/p>\r\n<p><span style=\"font-weight: 400;\">En la mayor\u00eda de los casos, <strong>no se requiere ninguna intervenci\u00f3n particular<\/strong>; el cord\u00f3n umbilical simplemente ser\u00e1 retirado o cortado por la matrona despu\u00e9s del nacimiento.<\/span> <img loading=\"lazy\" decoding=\"async\" class=\"aligncenter size-full wp-image-31609\" src=\"https:\/\/www.may.app\/wp-content\/uploads\/2026\/04\/newborn-baby-girl-newborn-baby-close-up-baby-s-n-2026-03-24-13-11-11-utc.webp\" alt=\"Cord\u00f3n umbilical alrededor del cuello: \u00bfhay que preocuparse? - May App Sant\u00e9\" width=\"1000\" height=\"667\" title=\"\" srcset=\"https:\/\/www.may.app\/wp-content\/uploads\/2026\/04\/newborn-baby-girl-newborn-baby-close-up-baby-s-n-2026-03-24-13-11-11-utc.webp 1000w, https:\/\/www.may.app\/wp-content\/uploads\/2026\/04\/newborn-baby-girl-newborn-baby-close-up-baby-s-n-2026-03-24-13-11-11-utc-300x200.webp 300w, https:\/\/www.may.app\/wp-content\/uploads\/2026\/04\/newborn-baby-girl-newborn-baby-close-up-baby-s-n-2026-03-24-13-11-11-utc-768x512.webp 768w\" sizes=\"auto, (max-width: 1000px) 100vw, 1000px\" \/><\/p>\r\n<h2><span style=\"font-weight: 400;\">Cord\u00f3n umbilical alrededor del cuello: \u00bfcu\u00e1les son los factores de riesgo? <\/span><\/h2>\r\n<p><span style=\"font-weight: 400;\">El cord\u00f3n umbilical alrededor del cuello es <strong>un fen\u00f3meno relativamente frecuente<\/strong>. Puede haber una o varias vueltas, lo que se denomina circular simple o m\u00faltiple. La mayor\u00eda de los reci\u00e9n nacidos no presentan <strong>ninguna consecuencia en su salud<\/strong>.<\/span><\/p>\r\n<p><span style=\"font-weight: 400;\">Es importante recordar que este fen\u00f3meno no est\u00e1 relacionado con una mala postura durante el embarazo, ni con ninguna acci\u00f3n por su parte, y mucho menos con un problema relacionado con su beb\u00e9. A veces, simplemente est\u00e1 relacionado con un cord\u00f3n largo o con los movimientos del beb\u00e9. <\/span><\/p>\r\n<p><span style=\"font-weight: 400;\">Tranquil\u00edcese, <strong>los equipos de maternidad<\/strong>, formados por matronas y m\u00e9dicos, <strong>est\u00e1n capacitados para reconocer y gestionar este caso durante el parto<\/strong>, ya sea un parto vaginal o por ces\u00e1rea.<\/span><\/p>\r\n<p><span style=\"font-weight: 400;\">\u00bfQuieres saber m\u00e1s? No dudes en <\/span><a href=\"https:\/\/app.adjust.com\/1pcupqmo\" target=\"_blank\" rel=\"noopener\"><span style=\"font-weight: 400;\">descargar la aplicaci\u00f3n May<\/span><\/a><span style=\"font-weight: 400;\">, donde encontrar\u00e1s numerosos recursos para acompa\u00f1arte y guiarte durante todo tu embarazo.<\/span> <img loading=\"lazy\" decoding=\"async\" class=\"aligncenter size-full wp-image-31612\" src=\"https:\/\/www.may.app\/wp-content\/uploads\/2026\/04\/doctor-paediatrician-examining-baby-in-clinic-new-2026-03-24-22-16-18-utc.webp\" alt=\"Cord\u00f3n umbilical alrededor del cuello: \u00bfhay que preocuparse? - May App Sant\u00e9\" width=\"1000\" height=\"665\" title=\"\" srcset=\"https:\/\/www.may.app\/wp-content\/uploads\/2026\/04\/doctor-paediatrician-examining-baby-in-clinic-new-2026-03-24-22-16-18-utc.webp 1000w, https:\/\/www.may.app\/wp-content\/uploads\/2026\/04\/doctor-paediatrician-examining-baby-in-clinic-new-2026-03-24-22-16-18-utc-300x200.webp 300w, https:\/\/www.may.app\/wp-content\/uploads\/2026\/04\/doctor-paediatrician-examining-baby-in-clinic-new-2026-03-24-22-16-18-utc-768x511.webp 768w\" sizes=\"auto, (max-width: 1000px) 100vw, 1000px\" \/><\/p>\r\n<h2><span style=\"font-weight: 400;\">Consecuencias de un cord\u00f3n umbilical alrededor del cuello para el beb\u00e9 durante el parto <\/span><\/h2>\r\n<p><span style=\"font-weight: 400;\">En el momento del parto, la presencia de un cord\u00f3n umbilical alrededor del cuello es bien gestionada por la matrona. A veces, si el cord\u00f3n est\u00e1 demasiado apretado, el color del reci\u00e9n nacido puede verse afectado, pero <strong>esto se resuelve r\u00e1pidamente<\/strong>. <\/span><\/p>\r\n<p><span style=\"font-weight: 400;\">Tambi\u00e9n pueden aparecer algunas marcas f\u00edsicas temporales: a veces puede aparecer una ligera marca roja, pero desaparece r\u00e1pidamente y no es preocupante.<\/span><\/p>\r\n<p><span style=\"font-weight: 400;\"><strong>Informaci\u00f3n \u00fatil:<\/strong> un cord\u00f3n umbilical alrededor del cuello no impide que su beb\u00e9 respire en el \u00fatero, ya que recibe el ox\u00edgeno directamente a trav\u00e9s del cord\u00f3n y no por la boca.<\/span> <img loading=\"lazy\" decoding=\"async\" class=\"aligncenter size-full wp-image-31615\" src=\"https:\/\/www.may.app\/wp-content\/uploads\/2026\/04\/gentle-examination-of-newborn-baby-by-medical-prof-2026-03-25-05-47-58-utc.webp\" alt=\"Cord\u00f3n umbilical alrededor del cuello: \u00bfhay que preocuparse? - May App Sant\u00e9\" width=\"1000\" height=\"667\" title=\"\" srcset=\"https:\/\/www.may.app\/wp-content\/uploads\/2026\/04\/gentle-examination-of-newborn-baby-by-medical-prof-2026-03-25-05-47-58-utc.webp 1000w, https:\/\/www.may.app\/wp-content\/uploads\/2026\/04\/gentle-examination-of-newborn-baby-by-medical-prof-2026-03-25-05-47-58-utc-300x200.webp 300w, https:\/\/www.may.app\/wp-content\/uploads\/2026\/04\/gentle-examination-of-newborn-baby-by-medical-prof-2026-03-25-05-47-58-utc-768x512.webp 768w\" sizes=\"auto, (max-width: 1000px) 100vw, 1000px\" \/><\/p>\r\n<h2><span style=\"font-weight: 400;\">\u00bfQu\u00e9 atenci\u00f3n se brinda durante el parto en caso de cord\u00f3n umbilical alrededor del cuello?<\/span><\/h2>\r\n<p><span style=\"font-weight: 400;\">En cuanto aparece la cabeza del reci\u00e9n nacido, la matrona comprueba sistem\u00e1ticamente si el cord\u00f3n umbilical est\u00e1 alrededor del cuello del beb\u00e9. Este control es un reflejo profesional, y pueden darse varias situaciones: <\/span><\/p>\r\n<ul>\r\n<li style=\"font-weight: 400;\" aria-level=\"1\"><span style=\"font-weight: 400;\"><strong>Un cord\u00f3n flojo alrededor del cuello<\/strong>: la matrona desliza suavemente un dedo entre el cord\u00f3n umbilical y la piel del cuello del beb\u00e9, y luego lo pasa por encima de la cabeza antes de que el cuerpo salga completamente. Este gesto es r\u00e1pido e indoloro para el reci\u00e9n nacido.<\/span><\/li>\r\n<li style=\"font-weight: 400;\" aria-level=\"1\"><span style=\"font-weight: 400;\"><strong>Un cord\u00f3n apretado o que impide la salida<\/strong>: si el cord\u00f3n est\u00e1 tenso, puede ser necesario cortarlo antes de que el beb\u00e9 haya salido por completo. Para ello, el equipo utiliza dos pinzas para evitar cualquier hemorragia y corta el cord\u00f3n entre ellas, garantizando as\u00ed la seguridad de los vasos sangu\u00edneos del beb\u00e9.<\/span><\/li>\r\n<li style=\"font-weight: 400;\" aria-level=\"1\"><span style=\"font-weight: 400;\"><strong>Parto por ces\u00e1rea<\/strong>: durante una ces\u00e1rea, se realiza la misma comprobaci\u00f3n en cuanto se extrae al beb\u00e9. El equipo supervisa de cerca la respiraci\u00f3n y la adaptaci\u00f3n del reci\u00e9n nacido.<\/span><\/li>\r\n<\/ul>\r\n<p><span style=\"font-weight: 400;\">Atenci\u00f3n: si su beb\u00e9 nace con el cord\u00f3n umbilical alrededor del cuello, solo los profesionales de la salud est\u00e1n autorizados para cortarlo, ya que el gesto puede ser delicado.<\/span> <span style=\"font-weight: 400;\">En conclusi\u00f3n, el hecho de que el cord\u00f3n umbilical se enrolle alrededor del cuello del beb\u00e9 es un fen\u00f3meno frecuente en el \u00fatero y durante el parto, pero no se preocupe: generalmente no tiene consecuencias graves para su beb\u00e9.<\/span><\/p>\r\n<p>**<\/p>\r\n<p>Cr\u00e9ditos de fotos: OlgaSmolina | Lobachad | inshyna<\/p>\r\n<p><span style=\"font-weight: 400;\">Este texto ha sido traducido del franc\u00e9s por una inteligencia artificial. La informaci\u00f3n, los consejos y las fuentes que contiene est\u00e1n conformes con las normas francesas, por lo que pueden no aplicarse a tu situaci\u00f3n. Te recomendamos complementar esta lectura accediendo a la aplicaci\u00f3n May ESP y consultando a los profesionales de la salud que te acompa\u00f1an.<\/span><\/p>","protected":false},"excerpt":{"rendered":"<p>Durante el embarazo, los distintos ex\u00e1menes realizados permiten identificar r\u00e1pidamente ciertos problemas potenciales. Durante una ecograf\u00eda, el profesional puede notar que el cord\u00f3n umbilical est\u00e1 enrollado alrededor del cuello del beb\u00e9. No entre en p\u00e1nico si esto le ocurre: este fen\u00f3meno es frecuente y, en la mayor\u00eda de los casos, no es grave. Pero, \u00bfqu\u00e9 [&hellip;]<\/p>\n","protected":false},"author":23,"featured_media":31608,"comment_status":"open","ping_status":"open","sticky":false,"template":"","format":"standard","meta":{"_acf_changed":false,"footnotes":""},"categories":[187],"tags":[172],"class_list":["post-31627","post","type-post","status-publish","format-standard","has-post-thumbnail","hentry","category-parto","tag-riesgos-del-parto"],"acf":[],"_links":{"self":[{"href":"https:\/\/www.may.app\/es\/wp-json\/wp\/v2\/posts\/31627","targetHints":{"allow":["GET"]}}],"collection":[{"href":"https:\/\/www.may.app\/es\/wp-json\/wp\/v2\/posts"}],"about":[{"href":"https:\/\/www.may.app\/es\/wp-json\/wp\/v2\/types\/post"}],"author":[{"embeddable":true,"href":"https:\/\/www.may.app\/es\/wp-json\/wp\/v2\/users\/23"}],"replies":[{"embeddable":true,"href":"https:\/\/www.may.app\/es\/wp-json\/wp\/v2\/comments?post=31627"}],"version-history":[{"count":3,"href":"https:\/\/www.may.app\/es\/wp-json\/wp\/v2\/posts\/31627\/revisions"}],"predecessor-version":[{"id":32427,"href":"https:\/\/www.may.app\/es\/wp-json\/wp\/v2\/posts\/31627\/revisions\/32427"}],"wp:featuredmedia":[{"embeddable":true,"href":"https:\/\/www.may.app\/es\/wp-json\/wp\/v2\/media\/31608"}],"wp:attachment":[{"href":"https:\/\/www.may.app\/es\/wp-json\/wp\/v2\/media?parent=31627"}],"wp:term":[{"taxonomy":"category","embeddable":true,"href":"https:\/\/www.may.app\/es\/wp-json\/wp\/v2\/categories?post=31627"},{"taxonomy":"post_tag","embeddable":true,"href":"https:\/\/www.may.app\/es\/wp-json\/wp\/v2\/tags?post=31627"}],"curies":[{"name":"wp","href":"https:\/\/api.w.org\/{rel}","templated":true}]}}